{"id":10144,"date":"2025-02-17T13:54:55","date_gmt":"2025-02-17T12:54:55","guid":{"rendered":"https:\/\/grundschuleimhofgarten.de\/?p=10144"},"modified":"2025-02-17T13:54:55","modified_gmt":"2025-02-17T12:54:55","slug":"die-streberecke-staffel-3-folge-2","status":"publish","type":"post","link":"https:\/\/grundschuleimhofgarten.de\/?p=10144","title":{"rendered":"Die Streberecke &#8211; Staffel 3 &#8211; Folge 2"},"content":{"rendered":"<p>Da sind wir wieder.<\/p>\n<p>In dieser Folge verstecken sich sogar zwei Folgen f\u00fcr euch.<\/p>\n<p>Im ersten Teil gehen wir wieder spannenden Themen auf den Grund. Wir philosophieren erneut \u00fcber eine ber\u00fchmte Nuss-Nougat-Creme. Nachdem wir in der letzten Folge die Frage gekl\u00e4rt haben, ob man Butter dazu braucht oder nicht, diskutieren wir heute \u00fcber den passenden Artikel. Wir lernen spannende Tiere kennen, erfahren wissenswertes \u00fcber Zelda und SpongeBob, lassen es uns gut schmecken und haben wieder ein paar Ticks im Angebot. Damit ihr nicht unt\u00e4tig seid, d\u00fcrft ihr bei unserem Tanzkurs mitmachen\u2026<\/p>\n<p>&nbsp;<\/p>\n<p>Im zweiten Teil d\u00fcrft ihr uns in das Podcast Studio der Studio-Bummens begleiten, wo uns Christian, Mia und Hanna f\u00fcr Fragen und Antworten parat standen (vielen, vielen Dank). Als Highlight durften die Streber den brandneuen Opener einsprechen, den Christian dann f\u00fcr uns produziert hat.<\/p>\n<p>&nbsp;<\/p>\n<p>Wie der sich wohl anh\u00f6rt? Na h\u00f6rt selbst\u2026<\/p>\n<p>&nbsp;<\/p>\n<p><strong><em>\u201eGeht\u00b4s schon los?\u201c<\/em><\/strong><\/p>\n<!--[if lt IE 9]><script>document.createElement('audio');<\/script><![endif]-->\n<audio class=\"wp-audio-shortcode\" id=\"audio-10144-1\" preload=\"none\" style=\"width: 100%;\" controls=\"controls\"><source type=\"audio\/mpeg\" src=\"https:\/\/grundschuleimhofgarten.de\/wp-content\/uploads\/2025\/02\/Folge-2-Reinhard-der-Wuerstchenfuchs.mp3?_=1\" \/><a href=\"https:\/\/grundschuleimhofgarten.de\/wp-content\/uploads\/2025\/02\/Folge-2-Reinhard-der-Wuerstchenfuchs.mp3\">https:\/\/grundschuleimhofgarten.de\/wp-content\/uploads\/2025\/02\/Folge-2-Reinhard-der-Wuerstchenfuchs.mp3<\/a><\/audio>\n","protected":false},"excerpt":{"rendered":"<p>Da sind wir wieder. In dieser Folge verstecken sich sogar zwei Folgen f\u00fcr euch. Im ersten Teil gehen wir wieder spannenden Themen auf den Grund. Wir philosophieren erneut \u00fcber eine&hellip;<\/p>\n","protected":false},"author":40,"featured_media":10146,"comment_status":"open","ping_status":"open","sticky":false,"template":"","format":"standard","meta":{"_lmt_disableupdate":"","_lmt_disable":"","footnotes":""},"categories":[47,1,219],"tags":[],"class_list":["post-10144","post","type-post","status-publish","format-standard","has-post-thumbnail","hentry","category-aktuelles","category-klassenuebergreifend","category-streberecke"],"_links":{"self":[{"href":"https:\/\/grundschuleimhofgarten.de\/index.php?rest_route=\/wp\/v2\/posts\/10144","targetHints":{"allow":["GET"]}}],"collection":[{"href":"https:\/\/grundschuleimhofgarten.de\/index.php?rest_route=\/wp\/v2\/posts"}],"about":[{"href":"https:\/\/grundschuleimhofgarten.de\/index.php?rest_route=\/wp\/v2\/types\/post"}],"author":[{"embeddable":true,"href":"https:\/\/grundschuleimhofgarten.de\/index.php?rest_route=\/wp\/v2\/users\/40"}],"replies":[{"embeddable":true,"href":"https:\/\/grundschuleimhofgarten.de\/index.php?rest_route=%2Fwp%2Fv2%2Fcomments&post=10144"}],"version-history":[{"count":1,"href":"https:\/\/grundschuleimhofgarten.de\/index.php?rest_route=\/wp\/v2\/posts\/10144\/revisions"}],"predecessor-version":[{"id":10147,"href":"https:\/\/grundschuleimhofgarten.de\/index.php?rest_route=\/wp\/v2\/posts\/10144\/revisions\/10147"}],"wp:featuredmedia":[{"embeddable":true,"href":"https:\/\/grundschuleimhofgarten.de\/index.php?rest_route=\/wp\/v2\/media\/10146"}],"wp:attachment":[{"href":"https:\/\/grundschuleimhofgarten.de\/index.php?rest_route=%2Fwp%2Fv2%2Fmedia&parent=10144"}],"wp:term":[{"taxonomy":"category","embeddable":true,"href":"https:\/\/grundschuleimhofgarten.de\/index.php?rest_route=%2Fwp%2Fv2%2Fcategories&post=10144"},{"taxonomy":"post_tag","embeddable":true,"href":"https:\/\/grundschuleimhofgarten.de\/index.php?rest_route=%2Fwp%2Fv2%2Ftags&post=10144"}],"curies":[{"name":"wp","href":"https:\/\/api.w.org\/{rel}","templated":true}]}}